{"id":431,"date":"2020-10-28T22:15:55","date_gmt":"2020-10-28T20:15:55","guid":{"rendered":"http:\/\/www.hundeverein-konstanz.de\/?p=431"},"modified":"2020-11-02T12:07:32","modified_gmt":"2020-11-02T10:07:32","slug":"kein-training-ab-dem-02-11","status":"publish","type":"post","link":"https:\/\/www.hundeverein-konstanz.de\/?p=431","title":{"rendered":"Kein Training ab dem 02.11."},"content":{"rendered":"\n<p class=\"wp-block-paragraph\">Update 02.11.2020: <\/p>\n\n\n\n<p class=\"wp-block-paragraph\">Nachdem wir die Situation nun diskutiert haben sind wir zu dem Schluss gekommen, dass ein produktives Training und ein f\u00fcr alle zumutbarer Ablauf nicht m\u00f6glich sind. Es bleibt also alles wie angek\u00fcndigt: Es findet kein Training statt und das Vereinsheim ist geschlossen.<\/p>\n\n\n\n<p class=\"wp-block-paragraph\">Wie ihr es sicher schon mitbekommen habt stehen die neuen Corona-Ma\u00dfnahmen fest.<\/p>\n\n\n\n<p class=\"wp-block-paragraph\">Uns ganz direkt betrifft Absatz 5, d).<\/p>\n\n\n\n<p class=\"wp-block-paragraph\">&#8222;Institutionen und Einrichtungen, die der Freizeitgestaltung zuzuordnen sind, werden geschlossen. Dazu geh\u00f6ren [&#8230;] der Freizeit- und Amateursportbetrieb [&#8230;].&#8220;<\/p>\n\n\n\n<p class=\"wp-block-paragraph\">Ab dem 02.11. findet also keine Ausbildung mehr statt und das Vereinsheim ist geschlossen.<\/p>\n\n\n\n<p class=\"wp-block-paragraph\">Wir informieren euch nat\u00fcrlich selbstverst\u00e4ndlich sofort wieder, wenn wir unseren sch\u00f6nen Sport wieder aus\u00fcben d\u00fcrfen!<\/p>\n\n\n\n<p class=\"wp-block-paragraph\">Bis dahin, bleibt gesund!<\/p>\n\n\n\n<p class=\"wp-block-paragraph\">Quelle: <a href=\"https:\/\/www.bundesregierung.de\/breg-de\/aktuelles\/videokonferenz-der-bundeskanzlerin-mit-den-regierungschefinnen-und-regierungschefs-der-laender-am-28-oktober-2020-1805248\" target=\"_blank\" rel=\"noreferrer noopener\">https:\/\/www.bundesregierung.de\/breg-de\/aktuelles\/videokonferenz-der-bundeskanzlerin-mit-den-regierungschefinnen-und-regierungschefs-der-laender-am-28-oktober-2020-1805248<\/a><\/p>\n","protected":false},"excerpt":{"rendered":"<p>Update 02.11.2020: Nachdem wir die Situation nun diskutiert haben sind wir zu dem Schluss gekommen, dass ein produktives Training und ein f\u00fcr alle zumutbarer Ablauf nicht m\u00f6glich sind. Es bleibt also alles wie angek\u00fcndigt: Es findet kein Training statt und das Vereinsheim ist geschlossen. Wie ihr es sicher schon mitbekommen habt stehen die neuen Corona-Ma\u00dfnahmen &hellip; <a href=\"https:\/\/www.hundeverein-konstanz.de\/?p=431\" class=\"more-link\"><span class=\"screen-reader-text\">Kein Training ab dem 02.11.<\/span> weiterlesen <span class=\"meta-nav\">&rarr;<\/span><\/a><\/p>\n","protected":false},"author":1,"featured_media":0,"comment_status":"open","ping_status":"open","sticky":false,"template":"","format":"standard","meta":{"_jetpack_newsletter_access":"","_jetpack_dont_email_post_to_subs":false,"_jetpack_newsletter_tier_id":0,"_jetpack_memberships_contains_paywalled_content":false,"_jetpack_feature_clip_id":0,"_jetpack_memberships_contains_paid_content":false,"footnotes":"","jetpack_publicize_message":"","jetpack_publicize_feature_enabled":true,"jetpack_social_post_already_shared":true,"jetpack_social_options":{"image_generator_settings":{"template":"highway","default_image_id":0,"font":"","enabled":false},"version":2},"jetpack_post_was_ever_published":false},"categories":[1],"tags":[],"class_list":["post-431","post","type-post","status-publish","format-standard","hentry","category-allgemein"],"aioseo_notices":[],"aioseo_head":"\n\t\t<!-- All in One SEO 5.0.0.1 - aioseo.com -->\n\t<meta name=\"robots\" content=\"max-image-preview:large\" \/>\n\t<meta name=\"author\" content=\"Martin Liersch\"\/>\n\t<link rel=\"canonical\" href=\"https:\/\/www.hundeverein-konstanz.de\/?p=431\" \/>\n\t<meta name=\"generator\" content=\"All in One SEO (AIOSEO) 5.0.0.1\" \/>\n\t\t<meta property=\"og:locale\" content=\"de_DE\" \/>\n\t\t<meta property=\"og:site_name\" content=\"VfSuP Konstanz | Verein f\u00fcr Schutz- und Polizeihunde Konstanz\" \/>\n\t\t<meta property=\"og:type\" content=\"article\" \/>\n\t\t<meta property=\"og:title\" content=\"Kein Training ab dem 02.11. | VfSuP Konstanz\" \/>\n\t\t<meta property=\"og:url\" content=\"https:\/\/www.hundeverein-konstanz.de\/?p=431\" \/>\n\t\t<meta property=\"article:published_time\" content=\"2020-10-28T20:15:55+00:00\" \/>\n\t\t<meta property=\"article:modified_time\" content=\"2020-11-02T10:07:32+00:00\" \/>\n\t\t<meta name=\"twitter:card\" content=\"summary\" \/>\n\t\t<meta name=\"twitter:title\" content=\"Kein Training ab dem 02.11. | VfSuP Konstanz\" \/>\n\t\t<script type=\"application\/ld+json\" class=\"aioseo-schema\">\n\t\t\t{\"@context\":\"https:\\\/\\\/schema.org\",\"@graph\":[{\"@type\":\"Article\",\"@id\":\"https:\\\/\\\/www.hundeverein-konstanz.de\\\/?p=431#article\",\"name\":\"Kein Training ab dem 02.11. | VfSuP Konstanz\",\"headline\":\"Kein Training ab dem 02.11.\",\"author\":{\"@id\":\"https:\\\/\\\/www.hundeverein-konstanz.de\\\/?author=1#author\"},\"publisher\":{\"@id\":\"https:\\\/\\\/www.hundeverein-konstanz.de\\\/#organization\"},\"datePublished\":\"2020-10-28T22:15:55+02:00\",\"dateModified\":\"2020-11-02T12:07:32+02:00\",\"inLanguage\":\"de-DE\",\"mainEntityOfPage\":{\"@id\":\"https:\\\/\\\/www.hundeverein-konstanz.de\\\/?p=431#webpage\"},\"isPartOf\":{\"@id\":\"https:\\\/\\\/www.hundeverein-konstanz.de\\\/?p=431#webpage\"},\"articleSection\":\"Allgemein\"},{\"@type\":\"BreadcrumbList\",\"@id\":\"https:\\\/\\\/www.hundeverein-konstanz.de\\\/?p=431#breadcrumblist\",\"itemListElement\":[{\"@type\":\"ListItem\",\"@id\":\"https:\\\/\\\/www.hundeverein-konstanz.de#listItem\",\"position\":1,\"name\":\"Home\",\"item\":\"https:\\\/\\\/www.hundeverein-konstanz.de\",\"nextItem\":{\"@type\":\"ListItem\",\"@id\":\"https:\\\/\\\/www.hundeverein-konstanz.de\\\/?cat=1#listItem\",\"name\":\"Allgemein\"}},{\"@type\":\"ListItem\",\"@id\":\"https:\\\/\\\/www.hundeverein-konstanz.de\\\/?cat=1#listItem\",\"position\":2,\"name\":\"Allgemein\",\"item\":\"https:\\\/\\\/www.hundeverein-konstanz.de\\\/?cat=1\",\"nextItem\":{\"@type\":\"ListItem\",\"@id\":\"https:\\\/\\\/www.hundeverein-konstanz.de\\\/?p=431#listItem\",\"name\":\"Kein Training ab dem 02.11.\"},\"previousItem\":{\"@type\":\"ListItem\",\"@id\":\"https:\\\/\\\/www.hundeverein-konstanz.de#listItem\",\"name\":\"Home\"}},{\"@type\":\"ListItem\",\"@id\":\"https:\\\/\\\/www.hundeverein-konstanz.de\\\/?p=431#listItem\",\"position\":3,\"name\":\"Kein Training ab dem 02.11.\",\"previousItem\":{\"@type\":\"ListItem\",\"@id\":\"https:\\\/\\\/www.hundeverein-konstanz.de\\\/?cat=1#listItem\",\"name\":\"Allgemein\"}}]},{\"@type\":\"Organization\",\"@id\":\"https:\\\/\\\/www.hundeverein-konstanz.de\\\/#organization\",\"name\":\"VfSuP Konstanz\",\"description\":\"Verein f\\u00fcr Schutz- und Polizeihunde Konstanz\",\"url\":\"https:\\\/\\\/www.hundeverein-konstanz.de\\\/\"},{\"@type\":\"Person\",\"@id\":\"https:\\\/\\\/www.hundeverein-konstanz.de\\\/?author=1#author\",\"url\":\"https:\\\/\\\/www.hundeverein-konstanz.de\\\/?author=1\",\"name\":\"Martin Liersch\",\"image\":{\"@type\":\"ImageObject\",\"@id\":\"https:\\\/\\\/www.hundeverein-konstanz.de\\\/?p=431#authorImage\",\"url\":\"https:\\\/\\\/secure.gravatar.com\\\/avatar\\\/c800b9cc6e4fb22fb1d34f2b271a09746796417afc4b75bf8e728e643cc511a0?s=96&d=mm&r=g\",\"width\":96,\"height\":96,\"caption\":\"Martin Liersch\"}},{\"@type\":\"WebPage\",\"@id\":\"https:\\\/\\\/www.hundeverein-konstanz.de\\\/?p=431#webpage\",\"url\":\"https:\\\/\\\/www.hundeverein-konstanz.de\\\/?p=431\",\"name\":\"Kein Training ab dem 02.11. | VfSuP Konstanz\",\"inLanguage\":\"de-DE\",\"isPartOf\":{\"@id\":\"https:\\\/\\\/www.hundeverein-konstanz.de\\\/#website\"},\"breadcrumb\":{\"@id\":\"https:\\\/\\\/www.hundeverein-konstanz.de\\\/?p=431#breadcrumblist\"},\"author\":{\"@id\":\"https:\\\/\\\/www.hundeverein-konstanz.de\\\/?author=1#author\"},\"creator\":{\"@id\":\"https:\\\/\\\/www.hundeverein-konstanz.de\\\/?author=1#author\"},\"datePublished\":\"2020-10-28T22:15:55+02:00\",\"dateModified\":\"2020-11-02T12:07:32+02:00\"},{\"@type\":\"WebSite\",\"@id\":\"https:\\\/\\\/www.hundeverein-konstanz.de\\\/#website\",\"url\":\"https:\\\/\\\/www.hundeverein-konstanz.de\\\/\",\"name\":\"VfSuP Konstanz\",\"description\":\"Verein f\\u00fcr Schutz- und Polizeihunde Konstanz\",\"inLanguage\":\"de-DE\",\"publisher\":{\"@id\":\"https:\\\/\\\/www.hundeverein-konstanz.de\\\/#organization\"}}]}\n\t\t<\/script>\n\t\t<!-- All in One SEO -->\n\n","aioseo_head_json":{"title":"Kein Training ab dem 02.11. | VfSuP Konstanz","description":"","canonical_url":"https:\/\/www.hundeverein-konstanz.de\/?p=431","robots":"max-image-preview:large","keywords":"","webmasterTools":{"miscellaneous":""},"schema":{"@context":"https:\/\/schema.org","@graph":[{"@type":"Article","@id":"https:\/\/www.hundeverein-konstanz.de\/?p=431#article","name":"Kein Training ab dem 02.11. | VfSuP Konstanz","headline":"Kein Training ab dem 02.11.","author":{"@id":"https:\/\/www.hundeverein-konstanz.de\/?author=1#author"},"publisher":{"@id":"https:\/\/www.hundeverein-konstanz.de\/#organization"},"datePublished":"2020-10-28T22:15:55+02:00","dateModified":"2020-11-02T12:07:32+02:00","inLanguage":"de-DE","mainEntityOfPage":{"@id":"https:\/\/www.hundeverein-konstanz.de\/?p=431#webpage"},"isPartOf":{"@id":"https:\/\/www.hundeverein-konstanz.de\/?p=431#webpage"},"articleSection":"Allgemein"},{"@type":"BreadcrumbList","@id":"https:\/\/www.hundeverein-konstanz.de\/?p=431#breadcrumblist","itemListElement":[{"@type":"ListItem","@id":"https:\/\/www.hundeverein-konstanz.de#listItem","position":1,"name":"Home","item":"https:\/\/www.hundeverein-konstanz.de","nextItem":{"@type":"ListItem","@id":"https:\/\/www.hundeverein-konstanz.de\/?cat=1#listItem","name":"Allgemein"}},{"@type":"ListItem","@id":"https:\/\/www.hundeverein-konstanz.de\/?cat=1#listItem","position":2,"name":"Allgemein","item":"https:\/\/www.hundeverein-konstanz.de\/?cat=1","nextItem":{"@type":"ListItem","@id":"https:\/\/www.hundeverein-konstanz.de\/?p=431#listItem","name":"Kein Training ab dem 02.11."},"previousItem":{"@type":"ListItem","@id":"https:\/\/www.hundeverein-konstanz.de#listItem","name":"Home"}},{"@type":"ListItem","@id":"https:\/\/www.hundeverein-konstanz.de\/?p=431#listItem","position":3,"name":"Kein Training ab dem 02.11.","previousItem":{"@type":"ListItem","@id":"https:\/\/www.hundeverein-konstanz.de\/?cat=1#listItem","name":"Allgemein"}}]},{"@type":"Organization","@id":"https:\/\/www.hundeverein-konstanz.de\/#organization","name":"VfSuP Konstanz","description":"Verein f\u00fcr Schutz- und Polizeihunde Konstanz","url":"https:\/\/www.hundeverein-konstanz.de\/"},{"@type":"Person","@id":"https:\/\/www.hundeverein-konstanz.de\/?author=1#author","url":"https:\/\/www.hundeverein-konstanz.de\/?author=1","name":"Martin Liersch","image":{"@type":"ImageObject","@id":"https:\/\/www.hundeverein-konstanz.de\/?p=431#authorImage","url":"https:\/\/secure.gravatar.com\/avatar\/c800b9cc6e4fb22fb1d34f2b271a09746796417afc4b75bf8e728e643cc511a0?s=96&d=mm&r=g","width":96,"height":96,"caption":"Martin Liersch"}},{"@type":"WebPage","@id":"https:\/\/www.hundeverein-konstanz.de\/?p=431#webpage","url":"https:\/\/www.hundeverein-konstanz.de\/?p=431","name":"Kein Training ab dem 02.11. | VfSuP Konstanz","inLanguage":"de-DE","isPartOf":{"@id":"https:\/\/www.hundeverein-konstanz.de\/#website"},"breadcrumb":{"@id":"https:\/\/www.hundeverein-konstanz.de\/?p=431#breadcrumblist"},"author":{"@id":"https:\/\/www.hundeverein-konstanz.de\/?author=1#author"},"creator":{"@id":"https:\/\/www.hundeverein-konstanz.de\/?author=1#author"},"datePublished":"2020-10-28T22:15:55+02:00","dateModified":"2020-11-02T12:07:32+02:00"},{"@type":"WebSite","@id":"https:\/\/www.hundeverein-konstanz.de\/#website","url":"https:\/\/www.hundeverein-konstanz.de\/","name":"VfSuP Konstanz","description":"Verein f\u00fcr Schutz- und Polizeihunde Konstanz","inLanguage":"de-DE","publisher":{"@id":"https:\/\/www.hundeverein-konstanz.de\/#organization"}}]},"og:locale":"de_DE","og:site_name":"VfSuP Konstanz | Verein f\u00fcr Schutz- und Polizeihunde Konstanz","og:type":"article","og:title":"Kein Training ab dem 02.11. | VfSuP Konstanz","og:url":"https:\/\/www.hundeverein-konstanz.de\/?p=431","article:published_time":"2020-10-28T20:15:55+00:00","article:modified_time":"2020-11-02T10:07:32+00:00","twitter:card":"summary","twitter:title":"Kein Training ab dem 02.11. | VfSuP Konstanz"},"aioseo_meta_data":{"post_id":"431","title":null,"description":"","keywords":"","keyphrases":null,"primary_term":null,"canonical_url":"","og_title":null,"og_description":null,"og_object_type":"default","og_image_type":"default","og_image_url":null,"og_image_width":null,"og_image_height":null,"og_image_custom_url":null,"og_image_custom_fields":null,"og_video":null,"og_custom_url":null,"og_article_section":null,"og_article_tags":null,"twitter_use_og":false,"twitter_card":"default","twitter_image_type":"default","twitter_image_url":null,"twitter_image_custom_url":null,"twitter_image_custom_fields":null,"twitter_title":null,"twitter_description":null,"schema":{"blockGraphs":[],"customGraphs":[],"default":{"data":{"Article":[],"Course":[],"Dataset":[],"FAQPage":[],"Movie":[],"Person":[],"Product":[],"ProductReview":[],"Car":[],"Recipe":[],"Service":[],"SoftwareApplication":[],"WebPage":[]},"graphName":"","isEnabled":true},"graphs":[]},"schema_type":null,"schema_type_options":null,"pillar_content":false,"robots_default":true,"robots_noindex":false,"robots_noarchive":false,"robots_nosnippet":false,"robots_nofollow":false,"robots_noimageindex":false,"robots_noodp":false,"robots_notranslate":false,"robots_max_snippet":null,"robots_max_videopreview":null,"robots_max_imagepreview":"large","priority":null,"frequency":null,"local_seo":null,"breadcrumb_settings":null,"limit_modified_date":false,"ai":null,"created":"2021-09-01 18:21:28","updated":"2025-08-12 17:00:09","seo_analyzer_scan_date":null,"focus_keyword":null,"additional_keywords":null,"truseo_locale":null},"aioseo_breadcrumb":"<div class=\"aioseo-breadcrumbs\"><span class=\"aioseo-breadcrumb\">\n\t\t\t<a href=\"https:\/\/www.hundeverein-konstanz.de\" title=\"Home\">Home<\/a>\n\t\t<\/span><span class=\"aioseo-breadcrumb-separator\">&raquo;<\/span><span class=\"aioseo-breadcrumb\">\n\t\t\t<a href=\"https:\/\/www.hundeverein-konstanz.de\/?cat=1\" title=\"Allgemein\">Allgemein<\/a>\n\t\t<\/span><span class=\"aioseo-breadcrumb-separator\">&raquo;<\/span><span class=\"aioseo-breadcrumb\">\n\t\t\tKein Training ab dem 02.11.\n\t\t<\/span><\/div>","aioseo_breadcrumb_json":[{"label":"Home","link":"https:\/\/www.hundeverein-konstanz.de"},{"label":"Allgemein","link":"https:\/\/www.hundeverein-konstanz.de\/?cat=1"},{"label":"Kein Training ab dem 02.11.","link":"https:\/\/www.hundeverein-konstanz.de\/?p=431"}],"jetpack_publicize_connections":[],"jetpack_shortlink":"https:\/\/wp.me\/p4ADDr-6X","jetpack_sharing_enabled":true,"jetpack_featured_media_url":"","_links":{"self":[{"href":"https:\/\/www.hundeverein-konstanz.de\/index.php?rest_route=\/wp\/v2\/posts\/431","targetHints":{"allow":["GET"]}}],"collection":[{"href":"https:\/\/www.hundeverein-konstanz.de\/index.php?rest_route=\/wp\/v2\/posts"}],"about":[{"href":"https:\/\/www.hundeverein-konstanz.de\/index.php?rest_route=\/wp\/v2\/types\/post"}],"author":[{"embeddable":true,"href":"https:\/\/www.hundeverein-konstanz.de\/index.php?rest_route=\/wp\/v2\/users\/1"}],"replies":[{"embeddable":true,"href":"https:\/\/www.hundeverein-konstanz.de\/index.php?rest_route=%2Fwp%2Fv2%2Fcomments&post=431"}],"version-history":[{"count":3,"href":"https:\/\/www.hundeverein-konstanz.de\/index.php?rest_route=\/wp\/v2\/posts\/431\/revisions"}],"predecessor-version":[{"id":434,"href":"https:\/\/www.hundeverein-konstanz.de\/index.php?rest_route=\/wp\/v2\/posts\/431\/revisions\/434"}],"wp:attachment":[{"href":"https:\/\/www.hundeverein-konstanz.de\/index.php?rest_route=%2Fwp%2Fv2%2Fmedia&parent=431"}],"wp:term":[{"taxonomy":"category","embeddable":true,"href":"https:\/\/www.hundeverein-konstanz.de\/index.php?rest_route=%2Fwp%2Fv2%2Fcategories&post=431"},{"taxonomy":"post_tag","embeddable":true,"href":"https:\/\/www.hundeverein-konstanz.de\/index.php?rest_route=%2Fwp%2Fv2%2Ftags&post=431"}],"curies":[{"name":"wp","href":"https:\/\/api.w.org\/{rel}","templated":true}]}}